{"id":23049,"date":"2021-05-18T16:03:56","date_gmt":"2021-05-18T16:03:56","guid":{"rendered":"https:\/\/www.descobreixolot.cat\/los-gigantes-de-olot-historia-y-que-hay\/"},"modified":"2024-04-09T08:53:24","modified_gmt":"2024-04-09T08:53:24","slug":"los-gigantes-de-olot-historia-y-que-hay","status":"publish","type":"post","link":"https:\/\/www.descobreixolot.cat\/es\/los-gigantes-de-olot-historia-y-que-hay\/","title":{"rendered":"Los gigantes de Olot: historia y qu\u00e9 hay"},"content":{"rendered":"<div class=\"wpb-content-wrapper\"><p>[vc_row][vc_column][vc_column_text]<strong>Os encantan los Gigantes de Olot y la Far\u00e1ndula olotina en general?<\/strong> No os perd\u00e9is este art\u00edculo, donde encontrar\u00e9is <strong>v\u00eddeos de los gigantes de Olot<\/strong>, cabezudos y caballitos, adem\u00e1s de todos los gigantes y bestiario de los barrios de Olot que conforman la <strong>far\u00e1ndula olotina<\/strong>. Actividad obligatoria sobre <a href=\"https:\/\/www.descobreixolot.cat\/es\/que-fer-a-olot\/\">qu\u00e9 hacer en Olot<\/a>.<\/p>\n<p>Hemos a\u00f1adido el calendario de fechas y los lugares donde verlos bailar. \u00a1Ya no ten\u00e9is excusa para descubrir <a href=\"https:\/\/www.descobreixolot.cat\/es\/\" target=\"_blank\" rel=\"noopener\"><strong>Olot<\/strong><\/a> y sus barrios a trav\u00e9s de los gigantes y la far\u00e1ndula![\/vc_column_text][vc_empty_space]<div class=\"eltdf-section-title-holder clearfix\">\n            <h2 class=\"eltdf-st-title\">\n        La far\u00e0ndula dels barris d&#039;Olot        <\/h2>\n    <\/div>[vc_column_text]<strong>En Olot hay gigantes y cabezudos en cada barrio<\/strong> y, cuando son las fiestas de sus barrios, salen a bailar. Una vez al a\u00f1o, se juntan todos en el <strong>pasacalle de inicio de las Festes del Tura<\/strong>. \u00a1Es para muchos el d\u00eda m\u00e1s esperado del a\u00f1o! \u00bfPara vosotros tambi\u00e9n?<\/p>\n<p>Id preparando el traje de fiesta mayor, \u00a1que empieza nuestro pasacalle! Con en Batoies, el Cucut y la Xurruca, el Porc y el Xai, la Simforosa, el Dentetes, en Croscat y la Margarida&#8230; \u00a1Estan todos![\/vc_column_text][vc_single_image image=\u00bb12527&#8243; img_size=\u00bblarge\u00bb alignment=\u00bbcenter\u00bb onclick=\u00bbcustom_link\u00bb img_link_target=\u00bb_blank\u00bb link=\u00bbhttps:\/\/descobreixolot.cat\/test-olot\u00bb][\/vc_column][\/vc_row][vc_row][vc_column width=\u00bb1\/4&#8243;][vc_column_text]<\/p>\n<h2>El arte de detr\u00e1s de los Gigantes<\/h2>\n<p>[\/vc_column_text][\/vc_column][vc_column width=\u00bb3\/4&#8243;][vc_column_text]<span style=\"font-weight: 400;\"> <\/span><span style=\"font-weight: 400;\">La creaci\u00f3n de un gigante es un proceso art\u00edstico que requiere destreza, paciencia y un profundo respeto por la tradici\u00f3n. Artistas y artesanos locales dedican meses, e incluso a\u00f1os, a dise\u00f1ar y construir estas figuras. Desde la estructura interna hasta la \u00faltima pincelada, los gigantes son una verdadera obra de arte ambulante.<\/span><\/p>\n<p><span style=\"font-weight: 400;\">Los Gigantes de Olot originales fueron construidos a base de tiza y barro y miden alrededor de 4 metros de altura. Dicen que Miquel Blay se inspir\u00f3 en un mozo de una pasteler\u00eda para el var\u00f3n y Celest\u00ed Devesa en una estanquera para la ideaci\u00f3n de la mujer. Ambos tienen un aspecto y vestimenta tradicionales con aires romanos.<\/span>[\/vc_column_text][vc_empty_space][\/vc_column][\/vc_row][vc_row][vc_column width=\u00bb1\/4&#8243;][vc_column_text]<\/p>\n<h3> Fiestas y Celebraciones<\/h3>\n<p>[\/vc_column_text][\/vc_column][vc_column width=\u00bb3\/4&#8243;][vc_column_text]<span style=\"font-weight: 400;\">Los Gigantes de Olot son protagonistas en muchas de las fiestas locales, especialmente durante las Festes del Tura .<\/span> <span style=\"font-weight: 400;\">. urante estos eventos, los gigantes desfilan por las calles al ritmo de la m\u00fasica tradicional, bailando y girando en un espect\u00e1culo que fascina tanto a locales como a visitantes.<\/span><span style=\"font-weight: 400;\"><br \/>\n<\/span><span style=\"font-weight: 400;\"> Su baile tiene dos coreograf\u00edas en las que ambos gigantes danzan el uno con el otro, acerc\u00e1ndose y alej\u00e1ndose al ritmo de la m\u00fasica.<\/span><span style=\"font-weight: 400;\"><br \/>\n<\/span><span style=\"font-weight: 400;\"> Estos eventos son abiertos al p\u00fablico y gratuitos.<\/span>[\/vc_column_text][vc_empty_space][\/vc_column][\/vc_row][vc_row][vc_column width=\u00bb1\/4&#8243;][vc_column_text]<\/p>\n<h3>Significado y Simbolismo<\/h3>\n<p>[\/vc_column_text][\/vc_column][vc_column width=\u00bb3\/4&#8243;][vc_column_text]<span style=\"font-weight: 400;\">M\u00e1s all\u00e1 de su impresionante presencia f\u00edsica, los gigantes representan la memoria colectiva y el orgullo de la gente de Olot. Cada figura simboliza aspectos distintos de la cultura local, desde su historia y leyendas hasta sus valores y esperanzas. En cada paso de su danza, los gigantes cuentan historias de resistencia, celebraci\u00f3n y comunidad.<\/span>[\/vc_column_text][vc_empty_space][\/vc_column][\/vc_row][vc_row][vc_column][vc_text_separator title=\u00bb\u00bb][vc_empty_space height=\u00bb48px\u00bb]<div class=\"eltdf-section-title-holder clearfix\">\n            <h2 class=\"eltdf-st-title\">\n        Balls de la Far\u00e0ndula olotina: qui balla quan?        <\/h2>\n    <\/div>[vc_column_text]Posiblemente ya sab\u00e9is cuando bailan los Gigantes de Olot, pero&#8230; \u00bfCu\u00e1ndo baila el buey de Sant Ferriol? Y el Batoies? Y el Porc y el Xai? Para hacerlo f\u00e1cil y ayudaros a no perder\u2019os ni un solo baile de gigantes, os compartimos el <strong>calendari de la far\u00e1ndula olotina.<\/strong> Est\u00e1n ordenados de enero a diciembre.[\/vc_column_text][vc_empty_space height=\u00bb62px\u00bb][\/vc_column][\/vc_row][vc_row][vc_column width=\u00bb1\/4&#8243;][vc_column_text]<\/p>\n<h3><strong>EN BATOIES Y LES PERDIUS<\/strong><\/h3>\n<p>1r fin de semana de febrero. Batet de la Serra[\/vc_column_text][\/vc_column][vc_column width=\u00bb3\/4&#8243;][vc_video link=\u00bbhttps:\/\/youtu.be\/9E8huo1HD_E\u00bb el_aspect=\u00bb43&#8243;][vc_column_text]<strong>En Batoies es el gigante de Batet y va acompa\u00f1ado de les Perdius<\/strong>, unos cabezudos llevados per ni\u00f1os. Sale a bailar el primer fin de semana de Febrero, coincidiendo con la <strong><a href=\"https:\/\/www.batetdelaserra.cat\/?page_id=537\" target=\"_blank\" rel=\"noopener\"><strong>Fira del Fajo<\/strong>l<\/a><\/strong> &#8212; en los parajes de Can Fontana, en la cima de Batet.<\/p>\n<p>Es obra de Tavi Alguer\u00f3, que lo hizo en 2008, y representa un campesino con una <a href=\"https:\/\/ca.wikipedia.org\/wiki\/Batolla\" target=\"_blank\" rel=\"noopener\"><strong>varea<\/strong><\/a> en la mano. Cuando lo vay\u00e1is a ver bailar, agachaos si no quer\u00e9is que os espete un golpe de vara en la cabeza, haciendo vueltas.<\/p>\n<p>Pod\u00e9is tener en Batoies en casa a trav\u00e9s de su <a href=\"https:\/\/www.shopibotiga.com\/ca\/ibotiga\/farandula\/contes\/\" target=\"_blank\" rel=\"noopener\"><strong>cuento \u00abHi havia una vegada en Batoies de Batet\u00bb<\/strong><\/a>[\/vc_column_text][vc_text_separator title=\u00bb\u00bb][vc_empty_space height=\u00bb48px\u00bb][\/vc_column][\/vc_row][vc_row][vc_column width=\u00bb1\/4&#8243;][vc_column_text]<\/p>\n<h3><strong>EL GALLARUT<\/strong><\/h3>\n<p>Domingo de Pascua. Barrio de Les Fonts[\/vc_column_text][\/vc_column][vc_column width=\u00bb3\/4&#8243;][vc_video link=\u00bbhttps:\/\/youtu.be\/4a2IdEPecio\u00bb el_aspect=\u00bb43&#8243;][vc_column_text]<strong>\u00bfSab\u00edais que el Gallarut es el basilisco m\u00e1s antiguo de Catalu\u00f1a?<\/strong> Un <strong><a href=\"https:\/\/ca.wikipedia.org\/wiki\/Basilisc\" target=\"_blank\" rel=\"noopener\"><strong>basilisco<\/strong><\/a><\/strong> es un animal perteneciente a la fantas\u00eda popular catalana que <strong>representa medio gallo medio serpiente<\/strong> &#8212; sale de un huevo de serpiente empollado por una gallina.<\/p>\n<p>En la mitolog\u00eda, el basilisco es un ser fant\u00e1stico, de mirada mort\u00edfera, una bestia extra\u00f1a y peligrosa, guardador de tesoros. Pero, no os preocup\u00e9is, el Gallarut olot\u00edn es un encanto! <strong>Duerme en el Centro C\u00edvico de les Fonts<\/strong> (lo pod\u00e9is ver al escaparate de vidrio) y sale a bailar ritualmente cada a\u00f1o el Domingo de Pascua al patio del centro c\u00edvico, en el marco de las fiestas del barrio de les Fonts.[\/vc_column_text][vc_text_separator title=\u00bb\u00bb][vc_empty_space height=\u00bb48px\u00bb][\/vc_column][\/vc_row][vc_row][vc_column width=\u00bb1\/4&#8243;][vc_column_text]<\/p>\n<h3><strong>LA CABRETA<\/strong><\/h3>\n<p>Finales de mayo y principios de j\u00fanio. Cornamusam[\/vc_column_text][\/vc_column][vc_column width=\u00bb3\/4&#8243;][vc_video link=\u00bbhttps:\/\/youtu.be\/3YdDv5ELIrY\u00bb el_aspect=\u00bb43&#8243;][vc_column_text]El <a href=\"https:\/\/www.olotcultura.cat\/projecte\/cornamusam\/\" target=\"_blank\" rel=\"noopener\"><strong>Cornamusam<\/strong><\/a> es el festival Internacional de la Cornamusa de Olot que este 2021 celebra 30 a\u00f1os. La Cabreta es el gigante que acompa\u00f1a el festival desde hace 25 a\u00f1os. Es una obra de Tavi Alguer\u00f3 y \u00c0ngel Rigall y baila con m\u00fasica de Joan Josep Mayans.[\/vc_column_text][vc_text_separator title=\u00bb\u00bb][vc_empty_space height=\u00bb48px\u00bb][\/vc_column][\/vc_row][vc_row][vc_column width=\u00bb1\/4&#8243;][vc_column_text]<\/p>\n<h3><strong>LOS GIGANTES De OLOT<\/strong><\/h3>\n<p>Corpus y Festes del Tura. Pla\u00e7a Major[\/vc_column_text][\/vc_column][vc_column width=\u00bb3\/4&#8243;][vc_video link=\u00bbhttps:\/\/youtu.be\/xNI1lri1Khs\u00bb el_aspect=\u00bb43&#8243;][vc_column_text]<strong>Los gigantes actuales de Olot<\/strong> se hicieron a finales del siglo XIX. Miquel Blay va ser l\u2019escultor del Gegant; i Celest\u00ed Devesa va fer la \u00abGegantessa\u00bb. Eso s\u00ed, los originales pesaban mucho y por eso el 1980 se hizo una copia exacta de los anteriores, pero menos pesados. As\u00ed, el Gigante pas\u00f3 de los 90 kg a los 77.7. Y la \u00abGegantessa\u00bb de 85 kg a 67.<\/p>\n<p><strong>\u00bfCu\u00e1ndo bailan los Gigantes de Olot? Bailan para el Corpus (mayo-junio) y dos veces para Festes del Tura<\/strong>. Siempre en la pla\u00e7a Major (o \u00abpla\u00e7a dels Gegants\u00bb). Y tambi\u00e9n los pod\u00e9is ver en el <strong>pasacalle de Fiestas del Tura<\/strong> y en el <strong><a href=\"https:\/\/www.descobreixolot.cat\/un-itinerari-entre-museus-i-places-que-ens-recorden-la-farandula-olotina\/\" target=\"_blank\" rel=\"noopener\"><strong>Museu dels Sants<\/strong><\/a><\/strong> (los originales).<\/p>\n<p><strong>\u00bfConoc\u00e9is la letra de la m\u00fasica de los gigantes de Olot?<\/strong><br \/>\nPer les Festes del Tura<br \/>\ncada any pluja segura,<br \/>\nper les Festes d&#8217;Olot<br \/>\ncada any pluja pertot.<br \/>\nSi no plou poc o molt<br \/>\nal Firal no s&#8217;hi pot anar,<br \/>\nsi no plou poc o molt<br \/>\nno s&#8217;hi pot anar de pols.<\/p>\n<p><strong>O \u00bfquiz\u00e1s conoc\u00e9is esta otra versi\u00f3n del inicio ?<\/strong><br \/>\nPer les Festes del Tura<br \/>\ncada any una criatura;<br \/>\nper les festes d&#8217;Olot,<br \/>\ncada any un ninot.[\/vc_column_text][vc_text_separator title=\u00bb\u00bb][vc_empty_space height=\u00bb48px\u00bb][\/vc_column][\/vc_row][vc_row][vc_column width=\u00bb1\/4&#8243;][vc_column_text]<\/p>\n<h3><strong>EN DENTETES y ELS RATOLINETS<\/strong><\/h3>\n<p>Principios de junio. Barrio de Bonavista[\/vc_column_text][\/vc_column][vc_column width=\u00bb3\/4&#8243;][vc_video link=\u00bbhttps:\/\/youtu.be\/IsU1Sw3uUyE?t=153&#8243; el_aspect=\u00bb43&#8243;][vc_column_text]<strong>Bonavista es el barrio olot\u00edn que comienza la temporada de fiestas de verano.<\/strong> Sus <strong>Ratocillos<\/strong> son los primeros de bailar de una extensa lista de fiestas mayores y fiestas de barrios, en Olot!<\/p>\n<p><strong>El Ratol\u00ed Dentetes <\/strong>tambi\u00e9n est\u00e1 hecho por Tavi Alguer\u00f3 y \u00c0ngel Rigall y baila por las calles de Bonavista lanzando agua por la cola. Lo acompa\u00f1an una comparsa de cuatro cabezudos ratoncillos.[\/vc_column_text][vc_text_separator title=\u00bb\u00bb][vc_empty_space height=\u00bb48px\u00bb][\/vc_column][\/vc_row][vc_row][vc_column width=\u00bb1\/4&#8243;][vc_column_text]<\/p>\n<h3><strong>EN CROSCAT, LA MARGARIDA y LA BISAROCA<\/strong><\/h3>\n<p>3r fin de semana de junio. Barrio de Benavent[\/vc_column_text][\/vc_column][vc_column width=\u00bb3\/4&#8243;][vc_video link=\u00bbhttps:\/\/youtu.be\/ee8v9OE033I?t=6&#8243; el_aspect=\u00bb43&#8243;][vc_column_text]<strong>El Croscat y la Margarida del barrio de Benavent<\/strong> son obra de Josep Trait\u00e9. Los acompa\u00f1a <strong>la Bisaroca<\/strong>, un b\u00faho. Los tres tienen medida de cabezudos y bailan en el barrio de Benavent, durante las fiestas del barrio.<\/p>\n<p>En su cuento<a href=\"https:\/\/www.shopibotiga.com\/ca\/ibotiga\/farandula\/contes\/\" target=\"_blank\" rel=\"noopener\"><strong>\u00abQui la fa, la paga!\u00bb <\/strong><\/a>descubrir\u00e9is una bonita historia con estos tres protagonistas.[\/vc_column_text][vc_text_separator title=\u00bb\u00bb][vc_empty_space height=\u00bb48px\u00bb][\/vc_column][\/vc_row][vc_row][vc_column width=\u00bb1\/4&#8243;][vc_column_text]<\/p>\n<h3><strong>EN JEPET y LA CISQUETA<\/strong><\/h3>\n<p>Finales de junio. Barrio del Pla de Dalt[\/vc_column_text][\/vc_column][vc_column width=\u00bb3\/4&#8243;][vc_video link=\u00bbhttps:\/\/youtu.be\/O_BWCYdtt18&#8243; el_aspect=\u00bb43&#8243;][vc_column_text]Desde el 1998, en el barrio del Pla de Dalt, cuando son fiestas del barrio (a finales de junio), bailan en Jepet y la Cisqueta, bien alegremente y cogidos de la mano. Son dos cabezudos hechos por Tavi Alguer\u00f3 y \u00c0ngel Rigall.[\/vc_column_text][vc_text_separator title=\u00bb\u00bb][vc_empty_space height=\u00bb48px\u00bb][\/vc_column][\/vc_row][vc_row][vc_column width=\u00bb1\/4&#8243;][vc_column_text]<\/p>\n<h3><strong>GIGANTES ENANOS Y CABALLITOS (ST CRIST\u00d2FOR &#8211; MAS BERNAT)<\/strong><\/h3>\n<p>Alrededor del 10 de julio. Barri Sant Crist\u00f2for &#8211; Mas Bernat[\/vc_column_text][\/vc_column][vc_column width=\u00bb3\/4&#8243;][vc_video link=\u00bbhttps:\/\/youtu.be\/8nuoJ7GHTBY\u00bb el_aspect=\u00bb43&#8243;][vc_column_text]La far\u00e1ndula de Sant Crist\u00f2for y Mas Bernat es muy completa: 8 cabezones, 6 caballitos, 2 gigantes y una cabeza de lligamosques! Un total de 17 figuras que bailan por las fiestas del barrio, alrededor del 10 de julio.<\/p>\n<p>Los gigantes han ido cambiando con los a\u00f1os y los que hay ahora son del 2007, obra de Tavi Alguer\u00f3 y \u00c0ngel Rigall. Los ver\u00e9is bailar a la pista polideportiva.[\/vc_column_text][vc_text_separator title=\u00bb\u00bb][vc_empty_space height=\u00bb48px\u00bb][\/vc_column][\/vc_row][vc_row][vc_column width=\u00bb1\/4&#8243;][vc_column_text]<\/p>\n<h3><strong>LOS GIGANTES DEL BARRIO DE LA CAIXA<\/strong><\/h3>\n<p>Alrededor del 12 de julio. Barrio de La Caixa[\/vc_column_text][\/vc_column][vc_column width=\u00bb3\/4&#8243;][vc_video link=\u00bbhttps:\/\/youtu.be\/_xOdReFhjSs?t=106&#8243; el_aspect=\u00bb43&#8243;][vc_column_text]Los gigantes del barrio de la Caixa fueron elaborados por el esplai Los Gamossinos y se estrenaron en 1985 con motivo de la fiesta de julio del barrio. Hicieron una \u00abgegantessa\u00bb nueva el 1990 y Llu\u00eds Aylon hizo el gigante, el 1991. Los podr\u00e9is ver bailar ante los edificios de La Caixa, cerca de la avenida de Barcelona y el Pont de Sant Roc.[\/vc_column_text][vc_text_separator title=\u00bb\u00bb][vc_empty_space height=\u00bb48px\u00bb][\/vc_column][\/vc_row][vc_row][vc_column width=\u00bb1\/4&#8243;][vc_column_text]<\/p>\n<h3><strong>EL DRAC, EL POLLASTRE Y EL CONILL<br \/>\n<\/strong><\/h3>\n<p>16 y 17 de julio. Barrio del Carme[\/vc_column_text][\/vc_column][vc_column width=\u00bb3\/4&#8243;][vc_video link=\u00bbhttps:\/\/youtu.be\/WlL1c2o-KQE\u00bb el_aspect=\u00bb43&#8243;][vc_column_text]Para la festividad de la virgen del Carme (16 de julio), salen a bailar el Drac, el Pollastre y el Conill. Por la tarde, lo hacen en forma de pasacalle por el n\u00facleo antiguo de Olot (desde Carme hasta el Firal). Y cuando ya es muy oscuro, se encienden los petardos del Drac que hacen embelesar peque\u00f1os y grandes.<\/p>\n<p><strong>Este drag\u00f3n es uno de los gigantes m\u00e1s queridos por los olotines y uno de los m\u00e1s antiguos, tambi\u00e9n!<\/strong> Lo hicieron el 1928 Toribi Sala y Manuel Trait\u00e9. Pertenece en el barrio de Carme y siempre ha sido custodiado por los carmelitas; de hecho, unos frailes fueron los promotores.<\/p>\n<p>Esa noche tambi\u00e9n baila el Pollastre Es decir, el Drac y el Pollastre bailan en la plaza del Carme el dia 16 de julio. Al d\u00eda siguiente, dia 17, baila el Conill en la plaza del Conill &#8212; bien a cerca! El Conill va acompa\u00f1ado de los conejitos cabezudos, llevados por ni\u00f1os.[\/vc_column_text][vc_text_separator title=\u00bb\u00bb][vc_empty_space height=\u00bb48px\u00bb][\/vc_column][\/vc_row][vc_row][vc_column width=\u00bb1\/4&#8243;][vc_column_text]<\/p>\n<h3><strong>LA VACA Y EL TORO<\/strong><\/h3>\n<p>Alrededor del 16 de agosto. Barrio de Sant Roc.[\/vc_column_text][\/vc_column][vc_column width=\u00bb3\/4&#8243;][vc_video link=\u00bbhttps:\/\/youtu.be\/kzAZEsHE8j8&#8243; el_aspect=\u00bb43&#8243;][vc_column_text]<strong>La Vaca Simforosa y el Toro Ramon son los gigantes del barrio de Sant Roc de Olot.<\/strong> Bailan por la festividad de santo Roc, el 16 de agosto, y los acompa\u00f1an cuatro terneros. <strong>\u00bfSab\u00e9is c\u00f3mo eligieron los nombres de estos terneros?<\/strong> En el 2019 hicieron un proceso participativo en la<a href=\"https:\/\/agora.xtec.cat\/ceip-santroc\/\" target=\"_blank\" rel=\"noopener\"><strong>Escuela P\u00fablica de Sant Roc<\/strong><\/a> y decidieron que se dir\u00edan: <strong>Lola, Blanqueta, Tosca y Tossols.<\/strong><\/p>\n<p>Otra curiosidad: la Vaca Simforosa fue presentada el 1987, como la segunda pubilla del barrio![\/vc_column_text][vc_text_separator title=\u00bb\u00bb][vc_empty_space height=\u00bb48px\u00bb][\/vc_column][\/vc_row][vc_row][vc_column width=\u00bb1\/4&#8243;][vc_column_text]<\/p>\n<h3><strong>GEGANTS DE PEQU\u00cdN<\/strong><\/h3>\n<p>2\u00aa quinzena de agosto, Parc de Pequ\u00edn<br \/>\n[\/vc_column_text][\/vc_column][vc_column width=\u00bb3\/4&#8243;][vc_video link=\u00bbhttps:\/\/youtu.be\/KodJLzpQHOM\u00bb el_aspect=\u00bb43&#8243;][vc_column_text]<strong>Los gigantes de Pequ\u00edn son tres: el Senyor del Bigoti, la Vella y el Pallasso<\/strong>; y fueron creados por la escultora <a href=\"https:\/\/ca.wikipedia.org\/wiki\/Rosa_Serra_i_Puigvert\" target=\"_blank\" rel=\"noopener\"><strong>Rosa Serra<\/strong><\/a>, en el 1979. Fueron en s\u00ed mismos una revoluci\u00f3n del arte \u00abgeganter\u00bb y representan un nuevo concepto de gigante. Primero, por el n\u00famero de gigantes (3) poco habitual; tambi\u00e9n por las propias figuras que representan; y en tercer lugar, <strong>porque pueden mover los brazos.<\/strong><\/p>\n<p>Los pod\u00e9is ver bailar en el Parc de Pequ\u00edn, davant l\u2019hotel La Perla, ante el hotel La Perla, durante las fiestas del barrio, la segunda mitad de agosto.[\/vc_column_text][vc_text_separator title=\u00bb\u00bb][vc_empty_space height=\u00bb48px\u00bb][\/vc_column][\/vc_row][vc_row][vc_column width=\u00bb1\/4&#8243;][vc_column_text]<\/p>\n<h3><strong>SANTONEGRO<\/strong><\/h3>\n<p>Finales de agost. Plaza Pia Almoina[\/vc_column_text][\/vc_column][vc_column width=\u00bb3\/4&#8243;][vc_video link=\u00bbhttps:\/\/youtu.be\/0k2q-T1SsI0&#8243; el_aspect=\u00bb43&#8243;][vc_column_text]El Santonegro <strong>es el gigante del barrio viejo de Olot, <\/strong><strong>en recuerdo de un santo negro<\/strong> (san Benet de Palerm) que estaba en una hornacina ya desaparecida de una fachada del <a href=\"https:\/\/www.descobreixolot.cat\/nucli-antic-olot\/\" target=\"_blank\" rel=\"noopener\"><strong>n\u00facleo antiguo<\/strong><\/a>. Estaba por la devoci\u00f3n del primer propietario de la casa que rez\u00f3 al santo por una enfermedad de la cual cur\u00f3. De hecho, el negocio que hab\u00eda en <strong>el edificio era conocido popularmente como \u00abCan Santo Negro\u00bb.<\/strong><\/p>\n<p>Baila en la plaza de la Pia Almoina, y tambi\u00e9n es obra de Tavi Alguer\u00f3 y \u00c0ngel Rigall (2009).[\/vc_column_text][vc_text_separator title=\u00bb\u00bb][vc_empty_space height=\u00bb48px\u00bb][\/vc_column][\/vc_row][vc_row][vc_column width=\u00bb1\/4&#8243;][vc_column_text]<\/p>\n<h3><strong>LOS CABEZUDOS Y LOS CABALLITOS<\/strong><\/h3>\n<p>Festes del Tura (alrededor del 8 septiembre). Pla\u00e7a Major[\/vc_column_text][\/vc_column][vc_column width=\u00bb3\/4&#8243;][vc_video link=\u00bbhttps:\/\/youtu.be\/0HtS1Jl5ev8&#8243; el_aspect=\u00bb43&#8243;][vc_column_text]<strong>\u00bfVosotros sois m\u00e1s de Cabezudos o de Caballitos? Para Festes del Tura, la Pla\u00e7a Major<\/strong> se llena a tope para verlos bailar, junto con nuestros apreciados <strong>Gigantes de Olot.<\/strong><\/p>\n<p>Hay 9 Cabezudos y 9 de Caballitos y cada uno de ellos tiene su melod\u00eda y sus bailes, muy conocidos por todo el mundo.<\/p>\n<p>Si quer\u00e9is optar a ser <strong>bailadores de la far\u00e1ndula<\/strong> y llevar alg\u00fan d\u00eda los Cabezudos y Caballitos de Olot, pod\u00e9is apuntaros a la lista de espera a trav\u00e9s de<a href=\"https:\/\/www.olotcultura.cat\/projecte\/farandula\/\" target=\"_blank\" rel=\"noopener\"><strong>este formulario<\/strong><\/a>.<\/p>\n<p>[\/vc_column_text][vc_video link=\u00bbhttps:\/\/youtu.be\/zLwAsZT1oUI?t=220&#8243; el_aspect=\u00bb43&#8243;][vc_text_separator title=\u00bb\u00bb][vc_empty_space height=\u00bb48px\u00bb][\/vc_column][\/vc_row][vc_row][vc_column width=\u00bb1\/4&#8243;][vc_column_text]<\/p>\n<h3><strong>CUCUT, XURRUCA, LES \u00c0LIGUES Y EL BOU DE SANT FERRIOL<br \/>\n<\/strong><\/h3>\n<p>Alrededor del 18 septiembre. Barrio de Sant Ferriol[\/vc_column_text][\/vc_column][vc_column width=\u00bb3\/4&#8243;][vc_video link=\u00bbhttps:\/\/youtu.be\/sa0Egl8r2gA\u00bb el_aspect=\u00bb43&#8243;][vc_column_text]<strong>La \u00c0liga de Sant Ferriol es una de las figuras m\u00e1s antiguas del bestiario \u00abfarandulero\u00bb<\/strong>. Seg\u00fan consta, en el siglo XVII en Olot ya hab\u00eda una \u00e1guila en la far\u00e1ndula olotina, que no se sabe muy bien c\u00f3mo era. Pero ya estaba.<\/p>\n<p>El que s\u00ed que sabemos es que ahora bailan tres figuras por Sant Ferriol:<strong>l\u2019\u00c0liga Vella, l\u2019\u00c0liga Nova y el Bou.<\/strong><\/p>\n<p>Tambi\u00e9n sabemos que el \u00c0liga Vella tal como es hoy se present\u00f3 a la EXPO de Barcelona 1902 y obtuvo un acc\u00e9sit. La \u00c0liga Nova se estren\u00f3 medio siglo m\u00e1s tarde, el 1949. Las acompa\u00f1a el Bou (1981) que es lo tercero de bailar en Sant Ferriol, echando agua por los cuernos. Los ver\u00e9is bailar a mediados de septiembre, en los alrededores de la <strong>iglesia de Sant Ferriol, en el n\u00facleo antiguo de Olot.<\/strong><\/p>\n<p>La Far\u00e1ndula del barrio de Sant Ferriol se completa con los c<strong>abezudos de El Cucut y la Xurruca<\/strong>, tan antiguos como el \u00c0gila Vella (1906), y son obra del taller Las Artes Religiosas, situado en el barrio de Sant Ferriol.<\/p>\n<p><span style=\"font-weight: 400;\"><strong>\u00bfSab\u00e9is de donde sali\u00f3 la inspiraci\u00f3n para modelar El Cucut?<\/strong> Es un mu\u00f1eco sacado de la revista barcelonesa bautizada con el mismo nombre. <\/span>[\/vc_column_text][vc_video link=\u00bbhttps:\/\/youtu.be\/tNV6CKu_RyQ?t=19&#8243; el_aspect=\u00bb43&#8243;][vc_text_separator title=\u00bb\u00bb][vc_empty_space height=\u00bb48px\u00bb][\/vc_column][\/vc_row][vc_row][vc_column width=\u00bb1\/4&#8243;][vc_column_text]<\/p>\n<h3><strong>EL GAT DE SANT MIQUEL Y ELS GEGANTS<\/strong><\/h3>\n<p>Alrededor del 29 de septiembre Barrio de Sant Miquel[\/vc_column_text][\/vc_column][vc_column width=\u00bb3\/4&#8243;][vc_video link=\u00bbhttps:\/\/youtu.be\/f82stNrYDB0&#8243; el_aspect=\u00bb43&#8243;][vc_column_text]El a\u00f1o 1931, tres vecinos del barrio tuvieron la idea de fabricar dos gigantes para representar al barrio de Sant Miquel. Y desde entonces, a pesar de que los gigantes se han ido renovando, los han acompa\u00f1ado a todas las fiestas y encuentros.<\/p>\n<p><strong>A parte de los Gigantes, la far\u00e1ndula de Sant Miquel se completa con el Gat,<\/strong> <strong>la figura de la pe\u00f1a dels Gats de Sant Miquel<\/strong> (hecha por Josep Trait\u00e9 y Ramon Duran), que baila en Sant Miquel desde 1984. Lo pod\u00e9is ver bailar por Festes del Tura y por las Festes de Sant Miquel, a finales de septiembre.[\/vc_column_text][vc_text_separator title=\u00bb\u00bb][vc_empty_space height=\u00bb48px\u00bb][\/vc_column][\/vc_row][vc_row][vc_column width=\u00bb1\/4&#8243;][vc_column_text]<\/p>\n<h3><strong>GIGANTES DE SANT FRANCESC<\/strong><\/h3>\n<p>Principios de octubre Plaza Sant Francesc[\/vc_column_text][\/vc_column][vc_column width=\u00bb3\/4&#8243;][vc_video link=\u00bbhttps:\/\/youtu.be\/oB53EQ1aJoA\u00bb el_aspect=\u00bb43&#8243;][vc_column_text]Los gigantes de Sant Francesc bailan en la fiesta del barrio, a principios de octubre. Son dos figuras de unos payeses simp\u00e1ticos, renovados en 1979 por Gl\u00f2ria Tan\u00e9.[\/vc_column_text][vc_text_separator title=\u00bb\u00bb][vc_empty_space height=\u00bb48px\u00bb][\/vc_column][\/vc_row][vc_row][vc_column width=\u00bb1\/4&#8243;][vc_column_text]<\/p>\n<h3><strong>EL PORC Y EL XAI<\/strong><\/h3>\n<p>Eventos AOAPIX. Pla\u00e7a Campdenm\u00e0s[\/vc_column_text][\/vc_column][vc_column width=\u00bb3\/4&#8243;][vc_video link=\u00bbhttps:\/\/youtu.be\/vheTXuTUu6I\u00bb el_aspect=\u00bb43&#8243;][vc_column_text]El Porc y El Xai <strong>es uno de los gigantes m\u00e1s estimados por la chiquiller\u00eda<\/strong> <strong>olotina<\/strong>, posiblemente porque roc\u00eda a todo el mundo y porque no se pierde ni una fiesta!<\/p>\n<p>Es la figura de la Associaci\u00f3n Cultural y Recreativa de Olotines Amigos del Porc y del Xai (<a href=\"http:\/\/www.aoapix.cat\/\" target=\"_blank\" rel=\"noopener\"><strong>AOAPIX<\/strong><\/a>). Un gigante de grandes dimensiones que representa un cerdo vestido de carnicero con un cordero a cuestas que echa agua por la boca.<\/p>\n<p>Lo acompa\u00f1a una comparsa de hombres tambi\u00e9n disfrazados de carniceros. No os perd\u00e1is el cuento de El Porc i El Xai.<\/p>\n<p><strong>Su lugar de baile es en la plaza de Campdenm\u00e0s.<\/strong> Baila dos veces para Festes del Tura. Tambi\u00e9n ha bailado por la Feria del Embutido que se celebra en Olot a mediados de marzo, y en otros <strong>acontecimientos del AOAPIX como el Mercado del Juguete (1.\u00ba fin de semana de octubre)<\/strong><\/p>\n<p><a href=\"http:\/\/www.aoapix.cat\/la-penya\/la-nostra-farandula\/11-el-porc-i-el-xai\" target=\"_blank\" rel=\"noopener\"><strong>Una<\/strong> <strong>curiosidad<\/strong><\/a>: el encargo que hizo el AOAPIX a \u00c1ngel Rigall y a Tavi Alguer\u00f3 era que fuera un gigante f\u00e1cil de llevar y que lo pudieran entrar a los bares; pero como era el primer gigante que hac\u00edan, se les fue de las manos y qued\u00f3 un pel\u00edn grande! Ni m\u00e1s ni menos que 83 kg, seis quilos m\u00e1s que el propio Gigante de Olot!<\/p>\n<p>Descubrid la leyenda detr\u00e1s de <a href=\"https:\/\/www.shopibotiga.com\/ca\/ibotiga\/farandula\/contes\/\" target=\"_blank\" rel=\"noopener\"><strong>el Porc y el Xai con su cuento<\/strong><\/a>![\/vc_column_text][vc_text_separator title=\u00bb\u00bb][vc_empty_space height=\u00bb48px\u00bb][\/vc_column][\/vc_row][vc_row][vc_column width=\u00bb1\/4&#8243;][vc_column_text]<\/p>\n<h3><strong>LA FADA GRIDA<\/strong><\/h3>\n<p>Acontecimientos Escola Malagrida[\/vc_column_text][\/vc_column][vc_column width=\u00bb3\/4&#8243;][vc_video link=\u00bbhttps:\/\/youtu.be\/IyDZ-pD07yE?t=165&#8243; el_aspect=\u00bb43&#8243;][vc_column_text]<strong>La Fada Grida es el primer gigante que proviene de una <a href=\"https:\/\/agora.xtec.cat\/ceipmalagrida\/\" target=\"_blank\" rel=\"noopener\"><strong>escuela p\u00fablica de Olot: la Escuela Malagrida<\/strong><\/a>.<\/strong> Se hizo en 2014, por Tavi Alguer\u00f3 y \u00c0ngel Rigall. Como quiz\u00e1s sab\u00e9is, la Escuela Malagrida siempre ha estado muy vinculada a la <a href=\"http:\/\/escolademusica.olot.cat\/\" target=\"_blank\" rel=\"noopener\"><strong>Escuela Municipal de M\u00fasica<\/strong><\/a>, y en este caso, la melod\u00eda del baile del Hada Grida tambi\u00e9n! Fue compuesta por la Escuela de M\u00fasica, a partir de una composici\u00f3n que sale en un libro antiguo de la escuela.<\/p>\n<p>Un a\u00f1o m\u00e1s tarde, se crearon cuatro renacuajos que acompa\u00f1an el Hada Grida en sus bailes. <strong>Son cuatro duendes que representan los elementos de la naturaleza<\/strong>: tierra, fuego, aire y agua. Los hicieron los alumnos de 5.\u00ba de Primaria.[\/vc_column_text][vc_text_separator title=\u00bb\u00bb][vc_empty_space height=\u00bb48px\u00bb][\/vc_column][\/vc_row][vc_row][vc_column width=\u00bb1\/4&#8243;][vc_column_text]<\/p>\n<h3><strong>EL GEGANT CLAM<\/strong><\/h3>\n<p>Acontecimientos Penya Almog\u00e0vers[\/vc_column_text][\/vc_column][vc_column width=\u00bb3\/4&#8243;][vc_video link=\u00bbhttps:\/\/youtu.be\/xGRznabBGEs\u00bb el_aspect=\u00bb43&#8243;][vc_column_text]<strong>El gigante Clam es una figura de grandes proporciones de la pe\u00f1a azulgrana Almog\u00e0vers Garrotxins<\/strong> Lo reconocer\u00e9is porque lleva una bandera del Bar\u00e7a y una se\u00f1era. Se hizo el 2008, tambi\u00e9n obra de Tavi Alguer\u00f3 y \u00c0ngel Rigall.[\/vc_column_text][vc_text_separator title=\u00bb\u00bb][vc_empty_space height=\u00bb48px\u00bb][\/vc_column][\/vc_row][vc_row][vc_column width=\u00bb1\/4&#8243;][vc_column_text]<\/p>\n<h3><strong>EL NEN DE RIALLES<\/strong><\/h3>\n<p>Acontecimientos Rialles[\/vc_column_text][\/vc_column][vc_column width=\u00bb3\/4&#8243;][vc_video link=\u00bbhttps:\/\/youtu.be\/rUQrr31wWJk\u00bb el_aspect=\u00bb43&#8243;][vc_column_text]<strong>El Nen de Rialles <\/strong>es el gigante infantil m\u00e1s grande que hay en Olot! Sale a bailar en algunos espect\u00e1culos organizados por <a href=\"http:\/\/www.rialles.cat\/\" target=\"_blank\" rel=\"noopener\"><strong>Rialles<\/strong><\/a>, como por ejemplo, la fiesta de final de curso, el mes de junio.<\/p>\n<p>Fue hecho por Tavi Alguer\u00f3 y \u00c0ngel Rigall en 1999. Despu\u00e9s, David Ventura elabor\u00f3 unos soles peque\u00f1os, que le hacen de acompa\u00f1antes.<\/p>\n<p>El Nen de Rialles es el protagonista de otro <a href=\"https:\/\/www.elgarrotxi.cat\/el-nen-de-rialles-protagonista-dun-nou-conte-de-la-farandula-dolot\/\" target=\"_blank\" rel=\"noopener\"><strong>cuento de la far\u00e1ndula<\/strong><\/a> que explica com un ni\u00f1o quer\u00eda convertir-se en un gigante.[\/vc_column_text][\/vc_column][\/vc_row][vc_row][vc_column width=\u00bb1\/4&#8243;][vc_column_text]<\/p>\n<h3><strong>EN TIM<\/strong><\/h3>\n<p>Acontecimientos de la Far\u00e1ndula Racing Team[\/vc_column_text][\/vc_column][vc_column width=\u00bb3\/4&#8243;][vc_video link=\u00bbhttps:\/\/youtu.be\/w3Jr75E41So\u00bb el_aspect=\u00bb43&#8243;][vc_column_text]<strong>En Tim<\/strong> es el gigante m\u00e1s reciente de la Far\u00e1ndula, presentado por las Festes del Tura 2021, con el Clam y el Porc y el Xai como a padrinos. Es el gigante de la <strong><a href=\"http:\/\/www.farandularacingteam.cat\/\" target=\"_blank\" rel=\"noopener\"><strong>Far\u00e1ndula Racing Team<\/strong><\/a> y tiene la forma de un arlequ\u00edn.<\/strong> Hace 3 metros y de su traje cuelgan 99 escallarings.<\/p>\n<p>Tiene un aspecto m\u00e1s divertido y alocado que los otros (e incluso saca la lengua!) porque es un gigante pensado <strong>para gustar a los j\u00f3venes<\/strong>. Por eso, Tim ser\u00e1 un <strong>gigante m\u00e1s nocturno<\/strong> que diurno, siguiendo los horarios de los adolescentes y j\u00f3venes olotines.<\/p>\n<p>A pesar de que por motivos de las restricciones del Covid hizo el primer baile solo en la plaza Major, est\u00e1 previsto que Tim baile en medio de un gran corro de gente.[\/vc_column_text][\/vc_column][\/vc_row][vc_row][vc_column][vc_empty_space height=\u00bb48px\u00bb][vc_text_separator title=\u00bb\u00bb][vc_empty_space height=\u00bb48px\u00bb][\/vc_column][\/vc_row][vc_row][vc_column width=\u00bb1\/2&#8243;][vc_single_image image=\u00bb12525&#8243; img_size=\u00bblarge\u00bb onclick=\u00bbcustom_link\u00bb img_link_target=\u00bb_blank\u00bb link=\u00bbhttps:\/\/www.shopibotiga.com\/ca\/ibotiga\/farandula\/\u00bb][vc_column_text]<\/p>\n<p style=\"text-align: left;\"><em><span style=\"color: #808080;\">foto: TurismeGarrotxa.com<\/span><\/em><\/p>\n<p>[\/vc_column_text][\/vc_column][vc_column width=\u00bb1\/2&#8243;][vc_column_text]<\/p>\n<h4><strong>\u00bfD\u00f3nde comprar cosas de los Gigantes en Olot?<\/strong><\/h4>\n<p>[\/vc_column_text][vc_column_text]<span style=\"font-weight: 400;\">Mientras esper\u00e1is que empiece el primer baile, os animemos a hacer este <a href=\"https:\/\/www.descobreixolot.cat\/un-itinerari-entre-museus-i-places-que-ens-recorden-la-farandula-olotina\/\" target=\"_blank\" rel=\"noopener\"><strong>itinerario a pie por Olot de los Gigantes y la Far\u00e1ndula.<\/strong><\/a><\/span><\/p>\n<p><span style=\"font-weight: 400;\">Tambi\u00e9n los encontrar\u00e9is estampados en camisetas, sudaderas, cuentos, tazas y baberos, puzzles, retallables, entre otros! En la <a href=\"https:\/\/www.descobreixolot.cat\/la-botiga-mes-farandulera-dolot\/\" target=\"_blank\" rel=\"noopener\"><strong>i_Botiga<\/strong><\/a> (dentro de la Oficina de Turismo y compra en l\u00ednea) encontrar\u00e9is un mont\u00f3n de accesorios de los <strong>gigantes de Olot y la far\u00e1ndula<\/strong>. <\/span>[\/vc_column_text][vc_empty_space height=\u00bb20px\u00bb]<a href=\"https:\/\/www.shopibotiga.com\/ca\/ibotiga\/farandula\/\" target=\"_blank\"  class=\"eltdf-btn eltdf-btn-huge eltdf-btn-solid\"  >\n    <span class=\"eltdf-btn-text\">Anar a la i_Botiga online<\/span>\n    <\/a>[\/vc_column][\/vc_row][vc_row][vc_column][vc_empty_space height=\u00bb48px\u00bb][vc_text_separator title=\u00bb\u00bb][vc_empty_space height=\u00bb48px\u00bb][\/vc_column][\/vc_row][vc_row][vc_column width=\u00bb1\/2&#8243;][vc_column_text]<\/p>\n<h4 style=\"text-align: left;\"><strong>\u00bfConoces bien la Far\u00e1ndula olotina?<\/strong><\/h4>\n<p>[\/vc_column_text][vc_column_text]<\/p>\n<p style=\"text-align: left;\">\u00bfEres de los que no se pierde ning\u00fan baile ni ninguna fiesta mayor? \u00a1Demuestra que en casa vuestra sois los que m\u00e1s sab\u00e9is de gigantes, respondiendo correctamente nuestro <strong>test de 15 preguntas de los Gigantes y la Far\u00e1ndula!<\/strong><\/p>\n<p>[\/vc_column_text][vc_empty_space height=\u00bb20px\u00bb]<a href=\"https:\/\/www.descobreixolot.cat\/test-gegants\/\" target=\"_blank\"  class=\"eltdf-btn eltdf-btn-huge eltdf-btn-solid\"  >\n    <span class=\"eltdf-btn-text\">FES EL TEST !<\/span>\n    <\/a>[\/vc_column][vc_column width=\u00bb1\/2&#8243;][vc_single_image image=\u00bb12527&#8243; img_size=\u00bblarge\u00bb alignment=\u00bbcenter\u00bb onclick=\u00bbcustom_link\u00bb img_link_target=\u00bb_blank\u00bb link=\u00bbhttps:\/\/descobreixolot.cat\/test-olot\u00bb][\/vc_column][\/vc_row][vc_row][vc_column][vc_empty_space height=\u00bb48px\u00bb][vc_text_separator title=\u00bb\u00bb][vc_empty_space height=\u00bb48px\u00bb][\/vc_column][\/vc_row][vc_row][vc_column width=\u00bb1\/4&#8243;][vc_column_text]<\/p>\n<h2><span style=\"font-weight: 400;\"> <\/span><b>Or\u00edgenes de los Gigantes<\/b><\/h2>\n<p>[\/vc_column_text][\/vc_column][vc_column width=\u00bb3\/4&#8243;][vc_column_text]<span style=\"font-weight: 400;\"> <\/span><span style=\"font-weight: 400;\">La tradici\u00f3n de Los Gigantes es una parte integral de las festividades catalanas, con ra\u00edces que se remontan a la Edad Media. Cada gigante representa figuras hist\u00f3ricas o mitol\u00f3gicas importantes para la comunidad, narrando as\u00ed la rica historia de la ciudad a trav\u00e9s de su presencia en eventos y celebraciones.<\/span><span style=\"font-weight: 400;\"><br \/>\n<\/span><span style=\"font-weight: 400;\"> En Olot, los gigantes actuales datan del siglo pasado (s. XIX) y fueron ideados por Miquel Blay y Celest\u00ed Devesa. Gustaron tanto a la comunidad que se construyeron unos id\u00e9nticos que pesaban menos: el gigante var\u00f3n pas\u00f3 de pesar 90 kg a 77, y la gigante, de 85 kg a 67. Los originales se conservan en el Museu de la Garrotxa.<\/span><span style=\"font-weight: 400;\">.<\/span>[\/vc_column_text][\/vc_column][\/vc_row]<\/p>\n<\/div>","protected":false},"excerpt":{"rendered":"<p>[vc_row][vc_column][vc_column_text]Os encantan los Gigantes de Olot y la Far\u00e1ndula olotina en general? No os perd\u00e9is este art\u00edculo, donde encontrar\u00e9is v\u00eddeos de los gigantes de Olot, cabezudos y caballitos, adem\u00e1s de todos los gigantes y bestiario de los barrios de Olot que conforman la far\u00e1ndula olotina. [&hellip;]<\/p>\n","protected":false},"author":2,"featured_media":20682,"comment_status":"closed","ping_status":"open","sticky":false,"template":"","format":"standard","meta":{"inline_featured_image":false,"footnotes":""},"categories":[253,236],"tags":[254,255,256],"class_list":["post-23049","post","type-post","status-publish","format-standard","has-post-thumbnail","hentry","category-con-ninos","category-olot-es","tag-excursiones","tag-que-hacer-con-ninos-en-olot","tag-que-hacer-en-olot"],"yoast_head":"<!-- This site is optimized with the Yoast SEO Premium plugin v21.9 (Yoast SEO v26.7) - https:\/\/yoast.com\/wordpress\/plugins\/seo\/ -->\n<title>Los Gigantes de Olot y la far\u00e1ndula olotina: videos y calendario<\/title>\n<meta name=\"description\" content=\"V\u00eddeos de los Gigantes de Olot y la far\u00e1ndula olotina. Calendario de la far\u00e1ndula por saber cuando bailan y a qu\u00e9 barrio de Olot bailan.\" \/>\n<meta name=\"robots\" content=\"index, follow, max-snippet:-1, max-image-preview:large, max-video-preview:-1\" \/>\n<link rel=\"canonical\" href=\"https:\/\/www.descobreixolot.cat\/es\/los-gigantes-de-olot-historia-y-que-hay\/\" \/>\n<meta property=\"og:locale\" content=\"es_ES\" \/>\n<meta property=\"og:type\" content=\"article\" \/>\n<meta property=\"og:title\" content=\"Los gigantes de Olot: historia y qu\u00e9 hay\" \/>\n<meta property=\"og:description\" content=\"V\u00eddeos de los Gigantes de Olot y la far\u00e1ndula olotina. Calendario de la far\u00e1ndula por saber cuando bailan y a qu\u00e9 barrio de Olot bailan.\" \/>\n<meta property=\"og:url\" content=\"https:\/\/www.descobreixolot.cat\/es\/los-gigantes-de-olot-historia-y-que-hay\/\" \/>\n<meta property=\"og:site_name\" content=\"descobreixolot.cat\" \/>\n<meta property=\"article:published_time\" content=\"2021-05-18T16:03:56+00:00\" \/>\n<meta property=\"article:modified_time\" content=\"2024-04-09T08:53:24+00:00\" \/>\n<meta property=\"og:image\" content=\"https:\/\/www.descobreixolot.cat\/wp-content\/uploads\/gegants-d-olot.jpeg\" \/>\n\t<meta property=\"og:image:width\" content=\"1006\" \/>\n\t<meta property=\"og:image:height\" content=\"578\" \/>\n\t<meta property=\"og:image:type\" content=\"image\/jpeg\" \/>\n<meta name=\"author\" content=\"DescobreixOlot\" \/>\n<meta name=\"twitter:card\" content=\"summary_large_image\" \/>\n<meta name=\"twitter:label1\" content=\"Escrito por\" \/>\n\t<meta name=\"twitter:data1\" content=\"DescobreixOlot\" \/>\n\t<meta name=\"twitter:label2\" content=\"Tiempo de lectura\" \/>\n\t<meta name=\"twitter:data2\" content=\"24 minutos\" \/>\n<script type=\"application\/ld+json\" class=\"yoast-schema-graph\">{\"@context\":\"https:\/\/schema.org\",\"@graph\":[{\"@type\":\"Article\",\"@id\":\"https:\/\/www.descobreixolot.cat\/es\/los-gigantes-de-olot-historia-y-que-hay\/#article\",\"isPartOf\":{\"@id\":\"https:\/\/www.descobreixolot.cat\/es\/los-gigantes-de-olot-historia-y-que-hay\/\"},\"author\":{\"name\":\"DescobreixOlot\",\"@id\":\"https:\/\/www.descobreixolot.cat\/es\/#\/schema\/person\/621928445db2d5b8728d832aad8edce5\"},\"headline\":\"Los gigantes de Olot: historia y qu\u00e9 hay\",\"datePublished\":\"2021-05-18T16:03:56+00:00\",\"dateModified\":\"2024-04-09T08:53:24+00:00\",\"mainEntityOfPage\":{\"@id\":\"https:\/\/www.descobreixolot.cat\/es\/los-gigantes-de-olot-historia-y-que-hay\/\"},\"wordCount\":4774,\"publisher\":{\"@id\":\"https:\/\/www.descobreixolot.cat\/es\/#organization\"},\"image\":{\"@id\":\"https:\/\/www.descobreixolot.cat\/es\/los-gigantes-de-olot-historia-y-que-hay\/#primaryimage\"},\"thumbnailUrl\":\"https:\/\/www.descobreixolot.cat\/wp-content\/uploads\/gegants-d-olot.jpeg\",\"keywords\":[\"excursiones\",\"qu\u00e9 hacer con ni\u00f1os en olot\",\"qu\u00e9 hacer en Olot\"],\"articleSection\":[\"Con ni\u00f1os\",\"Olot\"],\"inLanguage\":\"es\"},{\"@type\":\"WebPage\",\"@id\":\"https:\/\/www.descobreixolot.cat\/es\/los-gigantes-de-olot-historia-y-que-hay\/\",\"url\":\"https:\/\/www.descobreixolot.cat\/es\/los-gigantes-de-olot-historia-y-que-hay\/\",\"name\":\"Los Gigantes de Olot y la far\u00e1ndula olotina: videos y calendario\",\"isPartOf\":{\"@id\":\"https:\/\/www.descobreixolot.cat\/es\/#website\"},\"primaryImageOfPage\":{\"@id\":\"https:\/\/www.descobreixolot.cat\/es\/los-gigantes-de-olot-historia-y-que-hay\/#primaryimage\"},\"image\":{\"@id\":\"https:\/\/www.descobreixolot.cat\/es\/los-gigantes-de-olot-historia-y-que-hay\/#primaryimage\"},\"thumbnailUrl\":\"https:\/\/www.descobreixolot.cat\/wp-content\/uploads\/gegants-d-olot.jpeg\",\"datePublished\":\"2021-05-18T16:03:56+00:00\",\"dateModified\":\"2024-04-09T08:53:24+00:00\",\"description\":\"V\u00eddeos de los Gigantes de Olot y la far\u00e1ndula olotina. Calendario de la far\u00e1ndula por saber cuando bailan y a qu\u00e9 barrio de Olot bailan.\",\"breadcrumb\":{\"@id\":\"https:\/\/www.descobreixolot.cat\/es\/los-gigantes-de-olot-historia-y-que-hay\/#breadcrumb\"},\"inLanguage\":\"es\",\"potentialAction\":[{\"@type\":\"ReadAction\",\"target\":[\"https:\/\/www.descobreixolot.cat\/es\/los-gigantes-de-olot-historia-y-que-hay\/\"]}]},{\"@type\":\"ImageObject\",\"inLanguage\":\"es\",\"@id\":\"https:\/\/www.descobreixolot.cat\/es\/los-gigantes-de-olot-historia-y-que-hay\/#primaryimage\",\"url\":\"https:\/\/www.descobreixolot.cat\/wp-content\/uploads\/gegants-d-olot.jpeg\",\"contentUrl\":\"https:\/\/www.descobreixolot.cat\/wp-content\/uploads\/gegants-d-olot.jpeg\",\"width\":1006,\"height\":578},{\"@type\":\"BreadcrumbList\",\"@id\":\"https:\/\/www.descobreixolot.cat\/es\/los-gigantes-de-olot-historia-y-que-hay\/#breadcrumb\",\"itemListElement\":[{\"@type\":\"ListItem\",\"position\":1,\"name\":\"Inici\",\"item\":\"https:\/\/www.descobreixolot.cat\/es\/\"},{\"@type\":\"ListItem\",\"position\":2,\"name\":\"Los gigantes de Olot: historia y qu\u00e9 hay\"}]},{\"@type\":\"WebSite\",\"@id\":\"https:\/\/www.descobreixolot.cat\/es\/#website\",\"url\":\"https:\/\/www.descobreixolot.cat\/es\/\",\"name\":\"descobreixolot.cat\",\"description\":\"Les millors propostes per gaudir de i a Olot.\",\"publisher\":{\"@id\":\"https:\/\/www.descobreixolot.cat\/es\/#organization\"},\"alternateName\":\"descobreix olot\",\"potentialAction\":[{\"@type\":\"SearchAction\",\"target\":{\"@type\":\"EntryPoint\",\"urlTemplate\":\"https:\/\/www.descobreixolot.cat\/es\/?s={search_term_string}\"},\"query-input\":{\"@type\":\"PropertyValueSpecification\",\"valueRequired\":true,\"valueName\":\"search_term_string\"}}],\"inLanguage\":\"es\"},{\"@type\":\"Organization\",\"@id\":\"https:\/\/www.descobreixolot.cat\/es\/#organization\",\"name\":\"Descobreix Olot\",\"url\":\"https:\/\/www.descobreixolot.cat\/es\/\",\"logo\":{\"@type\":\"ImageObject\",\"inLanguage\":\"es\",\"@id\":\"https:\/\/www.descobreixolot.cat\/es\/#\/schema\/logo\/image\/\",\"url\":\"https:\/\/www.descobreixolot.cat\/wp-content\/uploads\/2018\/05\/descobreixolot-logo-footer.png\",\"contentUrl\":\"https:\/\/www.descobreixolot.cat\/wp-content\/uploads\/2018\/05\/descobreixolot-logo-footer.png\",\"width\":200,\"height\":57,\"caption\":\"Descobreix Olot\"},\"image\":{\"@id\":\"https:\/\/www.descobreixolot.cat\/es\/#\/schema\/logo\/image\/\"},\"sameAs\":[\"http:\/\/instagram.com\/descobreixolot\"]},{\"@type\":\"Person\",\"@id\":\"https:\/\/www.descobreixolot.cat\/es\/#\/schema\/person\/621928445db2d5b8728d832aad8edce5\",\"name\":\"DescobreixOlot\",\"image\":{\"@type\":\"ImageObject\",\"inLanguage\":\"es\",\"@id\":\"https:\/\/www.descobreixolot.cat\/es\/#\/schema\/person\/image\/\",\"url\":\"https:\/\/www.descobreixolot.cat\/wp-content\/uploads\/2018\/05\/avatar_descobreixolot-100x100.png\",\"contentUrl\":\"https:\/\/www.descobreixolot.cat\/wp-content\/uploads\/2018\/05\/avatar_descobreixolot-100x100.png\",\"caption\":\"DescobreixOlot\"},\"description\":\"Un blog amb les millors propostes per descobrir la ciutat dels volcans, Olot!\",\"sameAs\":[\"http:\/\/www.descobreixolot.cat\"]}]}<\/script>\n<!-- \/ Yoast SEO Premium plugin. -->","yoast_head_json":{"title":"Los Gigantes de Olot y la far\u00e1ndula olotina: videos y calendario","description":"V\u00eddeos de los Gigantes de Olot y la far\u00e1ndula olotina. Calendario de la far\u00e1ndula por saber cuando bailan y a qu\u00e9 barrio de Olot bailan.","robots":{"index":"index","follow":"follow","max-snippet":"max-snippet:-1","max-image-preview":"max-image-preview:large","max-video-preview":"max-video-preview:-1"},"canonical":"https:\/\/www.descobreixolot.cat\/es\/los-gigantes-de-olot-historia-y-que-hay\/","og_locale":"es_ES","og_type":"article","og_title":"Los gigantes de Olot: historia y qu\u00e9 hay","og_description":"V\u00eddeos de los Gigantes de Olot y la far\u00e1ndula olotina. Calendario de la far\u00e1ndula por saber cuando bailan y a qu\u00e9 barrio de Olot bailan.","og_url":"https:\/\/www.descobreixolot.cat\/es\/los-gigantes-de-olot-historia-y-que-hay\/","og_site_name":"descobreixolot.cat","article_published_time":"2021-05-18T16:03:56+00:00","article_modified_time":"2024-04-09T08:53:24+00:00","og_image":[{"width":1006,"height":578,"url":"https:\/\/www.descobreixolot.cat\/wp-content\/uploads\/gegants-d-olot.jpeg","type":"image\/jpeg"}],"author":"DescobreixOlot","twitter_card":"summary_large_image","twitter_misc":{"Escrito por":"DescobreixOlot","Tiempo de lectura":"24 minutos"},"schema":{"@context":"https:\/\/schema.org","@graph":[{"@type":"Article","@id":"https:\/\/www.descobreixolot.cat\/es\/los-gigantes-de-olot-historia-y-que-hay\/#article","isPartOf":{"@id":"https:\/\/www.descobreixolot.cat\/es\/los-gigantes-de-olot-historia-y-que-hay\/"},"author":{"name":"DescobreixOlot","@id":"https:\/\/www.descobreixolot.cat\/es\/#\/schema\/person\/621928445db2d5b8728d832aad8edce5"},"headline":"Los gigantes de Olot: historia y qu\u00e9 hay","datePublished":"2021-05-18T16:03:56+00:00","dateModified":"2024-04-09T08:53:24+00:00","mainEntityOfPage":{"@id":"https:\/\/www.descobreixolot.cat\/es\/los-gigantes-de-olot-historia-y-que-hay\/"},"wordCount":4774,"publisher":{"@id":"https:\/\/www.descobreixolot.cat\/es\/#organization"},"image":{"@id":"https:\/\/www.descobreixolot.cat\/es\/los-gigantes-de-olot-historia-y-que-hay\/#primaryimage"},"thumbnailUrl":"https:\/\/www.descobreixolot.cat\/wp-content\/uploads\/gegants-d-olot.jpeg","keywords":["excursiones","qu\u00e9 hacer con ni\u00f1os en olot","qu\u00e9 hacer en Olot"],"articleSection":["Con ni\u00f1os","Olot"],"inLanguage":"es"},{"@type":"WebPage","@id":"https:\/\/www.descobreixolot.cat\/es\/los-gigantes-de-olot-historia-y-que-hay\/","url":"https:\/\/www.descobreixolot.cat\/es\/los-gigantes-de-olot-historia-y-que-hay\/","name":"Los Gigantes de Olot y la far\u00e1ndula olotina: videos y calendario","isPartOf":{"@id":"https:\/\/www.descobreixolot.cat\/es\/#website"},"primaryImageOfPage":{"@id":"https:\/\/www.descobreixolot.cat\/es\/los-gigantes-de-olot-historia-y-que-hay\/#primaryimage"},"image":{"@id":"https:\/\/www.descobreixolot.cat\/es\/los-gigantes-de-olot-historia-y-que-hay\/#primaryimage"},"thumbnailUrl":"https:\/\/www.descobreixolot.cat\/wp-content\/uploads\/gegants-d-olot.jpeg","datePublished":"2021-05-18T16:03:56+00:00","dateModified":"2024-04-09T08:53:24+00:00","description":"V\u00eddeos de los Gigantes de Olot y la far\u00e1ndula olotina. Calendario de la far\u00e1ndula por saber cuando bailan y a qu\u00e9 barrio de Olot bailan.","breadcrumb":{"@id":"https:\/\/www.descobreixolot.cat\/es\/los-gigantes-de-olot-historia-y-que-hay\/#breadcrumb"},"inLanguage":"es","potentialAction":[{"@type":"ReadAction","target":["https:\/\/www.descobreixolot.cat\/es\/los-gigantes-de-olot-historia-y-que-hay\/"]}]},{"@type":"ImageObject","inLanguage":"es","@id":"https:\/\/www.descobreixolot.cat\/es\/los-gigantes-de-olot-historia-y-que-hay\/#primaryimage","url":"https:\/\/www.descobreixolot.cat\/wp-content\/uploads\/gegants-d-olot.jpeg","contentUrl":"https:\/\/www.descobreixolot.cat\/wp-content\/uploads\/gegants-d-olot.jpeg","width":1006,"height":578},{"@type":"BreadcrumbList","@id":"https:\/\/www.descobreixolot.cat\/es\/los-gigantes-de-olot-historia-y-que-hay\/#breadcrumb","itemListElement":[{"@type":"ListItem","position":1,"name":"Inici","item":"https:\/\/www.descobreixolot.cat\/es\/"},{"@type":"ListItem","position":2,"name":"Los gigantes de Olot: historia y qu\u00e9 hay"}]},{"@type":"WebSite","@id":"https:\/\/www.descobreixolot.cat\/es\/#website","url":"https:\/\/www.descobreixolot.cat\/es\/","name":"descobreixolot.cat","description":"Les millors propostes per gaudir de i a Olot.","publisher":{"@id":"https:\/\/www.descobreixolot.cat\/es\/#organization"},"alternateName":"descobreix olot","potentialAction":[{"@type":"SearchAction","target":{"@type":"EntryPoint","urlTemplate":"https:\/\/www.descobreixolot.cat\/es\/?s={search_term_string}"},"query-input":{"@type":"PropertyValueSpecification","valueRequired":true,"valueName":"search_term_string"}}],"inLanguage":"es"},{"@type":"Organization","@id":"https:\/\/www.descobreixolot.cat\/es\/#organization","name":"Descobreix Olot","url":"https:\/\/www.descobreixolot.cat\/es\/","logo":{"@type":"ImageObject","inLanguage":"es","@id":"https:\/\/www.descobreixolot.cat\/es\/#\/schema\/logo\/image\/","url":"https:\/\/www.descobreixolot.cat\/wp-content\/uploads\/2018\/05\/descobreixolot-logo-footer.png","contentUrl":"https:\/\/www.descobreixolot.cat\/wp-content\/uploads\/2018\/05\/descobreixolot-logo-footer.png","width":200,"height":57,"caption":"Descobreix Olot"},"image":{"@id":"https:\/\/www.descobreixolot.cat\/es\/#\/schema\/logo\/image\/"},"sameAs":["http:\/\/instagram.com\/descobreixolot"]},{"@type":"Person","@id":"https:\/\/www.descobreixolot.cat\/es\/#\/schema\/person\/621928445db2d5b8728d832aad8edce5","name":"DescobreixOlot","image":{"@type":"ImageObject","inLanguage":"es","@id":"https:\/\/www.descobreixolot.cat\/es\/#\/schema\/person\/image\/","url":"https:\/\/www.descobreixolot.cat\/wp-content\/uploads\/2018\/05\/avatar_descobreixolot-100x100.png","contentUrl":"https:\/\/www.descobreixolot.cat\/wp-content\/uploads\/2018\/05\/avatar_descobreixolot-100x100.png","caption":"DescobreixOlot"},"description":"Un blog amb les millors propostes per descobrir la ciutat dels volcans, Olot!","sameAs":["http:\/\/www.descobreixolot.cat"]}]}},"_links":{"self":[{"href":"https:\/\/www.descobreixolot.cat\/es\/wp-json\/wp\/v2\/posts\/23049","targetHints":{"allow":["GET"]}}],"collection":[{"href":"https:\/\/www.descobreixolot.cat\/es\/wp-json\/wp\/v2\/posts"}],"about":[{"href":"https:\/\/www.descobreixolot.cat\/es\/wp-json\/wp\/v2\/types\/post"}],"author":[{"embeddable":true,"href":"https:\/\/www.descobreixolot.cat\/es\/wp-json\/wp\/v2\/users\/2"}],"replies":[{"embeddable":true,"href":"https:\/\/www.descobreixolot.cat\/es\/wp-json\/wp\/v2\/comments?post=23049"}],"version-history":[{"count":2,"href":"https:\/\/www.descobreixolot.cat\/es\/wp-json\/wp\/v2\/posts\/23049\/revisions"}],"predecessor-version":[{"id":23051,"href":"https:\/\/www.descobreixolot.cat\/es\/wp-json\/wp\/v2\/posts\/23049\/revisions\/23051"}],"wp:featuredmedia":[{"embeddable":true,"href":"https:\/\/www.descobreixolot.cat\/es\/wp-json\/wp\/v2\/media\/20682"}],"wp:attachment":[{"href":"https:\/\/www.descobreixolot.cat\/es\/wp-json\/wp\/v2\/media?parent=23049"}],"wp:term":[{"taxonomy":"category","embeddable":true,"href":"https:\/\/www.descobreixolot.cat\/es\/wp-json\/wp\/v2\/categories?post=23049"},{"taxonomy":"post_tag","embeddable":true,"href":"https:\/\/www.descobreixolot.cat\/es\/wp-json\/wp\/v2\/tags?post=23049"}],"curies":[{"name":"wp","href":"https:\/\/api.w.org\/{rel}","templated":true}]}}